{"id":9637,"date":"2019-09-05T09:57:35","date_gmt":"2019-09-05T07:57:35","guid":{"rendered":"https:\/\/marbellarentacar.es\/?p=9637"},"modified":"2025-02-02T18:06:45","modified_gmt":"2025-02-02T17:06:45","slug":"schmetterlingspark-von-benalmadena","status":"publish","type":"post","link":"https:\/\/marbellarentacar.es\/de\/schmetterlingspark-von-benalmadena\/","title":{"rendered":"Von Marbella zum Schmetterlingspark von Benalm\u00e1dena"},"content":{"rendered":"<div id=\"ez-toc-container\" class=\"ez-toc-v2_0_76 counter-hierarchy ez-toc-counter ez-toc-custom ez-toc-container-direction\">\n<div class=\"ez-toc-title-container\">\n<p class=\"ez-toc-title\" style=\"cursor:inherit\">Inhalts\u00fcbersicht<\/p>\n<span class=\"ez-toc-title-toggle\"><a href=\"#\" class=\"ez-toc-pull-right ez-toc-btn ez-toc-btn-xs ez-toc-btn-default ez-toc-toggle\" aria-label=\"Inhaltsverzeichnis umschalten\"><span class=\"ez-toc-js-icon-con\"><span class=\"\"><span class=\"eztoc-hide\" style=\"display:none;\">Umschalten auf<\/span><span class=\"ez-toc-icon-toggle-span\"><svg style=\"fill: #003a60;color:#003a60\" xmlns=\"http:\/\/www.w3.org\/2000\/svg\" class=\"list-377408\" width=\"20px\" height=\"20px\" viewbox=\"0 0 24 24\" fill=\"none\"><path d=\"M6 6H4v2h2V6zm14 0H8v2h12V6zM4 11h2v2H4v-2zm16 0H8v2h12v-2zM4 16h2v2H4v-2zm16 0H8v2h12v-2z\" fill=\"currentColor\"><\/path><\/svg><svg style=\"fill: #003a60;color:#003a60\" class=\"arrow-unsorted-368013\" xmlns=\"http:\/\/www.w3.org\/2000\/svg\" width=\"10px\" height=\"10px\" viewbox=\"0 0 24 24\" version=\"1.2\" baseprofile=\"tiny\"><path d=\"M18.2 9.3l-6.2-6.3-6.2 6.3c-.2.2-.3.4-.3.7s.1.5.3.7c.2.2.4.3.7.3h11c.3 0 .5-.1.7-.3.2-.2.3-.5.3-.7s-.1-.5-.3-.7zM5.8 14.7l6.2 6.3 6.2-6.3c.2-.2.3-.5.3-.7s-.1-.5-.3-.7c-.2-.2-.4-.3-.7-.3h-11c-.3 0-.5.1-.7.3-.2.2-.3.5-.3.7s.1.5.3.7z\"\/><\/svg><\/span><\/span><\/span><\/a><\/span><\/div>\n<nav><ul class='ez-toc-list ez-toc-list-level-1' ><li class='ez-toc-page-1 ez-toc-heading-level-2'><a class=\"ez-toc-link ez-toc-heading-1\" href=\"https:\/\/marbellarentacar.es\/de\/schmetterlingspark-von-benalmadena\/#What_to_see_in_the_Benalmadena\" >Was gibt es in Benalm\u00e1dena zu sehen?<\/a><ul class='ez-toc-list-level-3' ><li class='ez-toc-heading-level-3'><a class=\"ez-toc-link ez-toc-heading-2\" href=\"https:\/\/marbellarentacar.es\/de\/schmetterlingspark-von-benalmadena\/#Butterfly_Park_of_Benalmadena\" >Schmetterlingspark von Benalmadena<\/a><\/li><\/ul><\/li><li class='ez-toc-page-1 ez-toc-heading-level-2'><a class=\"ez-toc-link ez-toc-heading-3\" href=\"https:\/\/marbellarentacar.es\/de\/schmetterlingspark-von-benalmadena\/#Where_to_eat_in_Benalmadena\" >Wo man in Benalm\u00e1dena essen kann<\/a><ul class='ez-toc-list-level-3' ><li class='ez-toc-heading-level-3'><a class=\"ez-toc-link ez-toc-heading-4\" href=\"https:\/\/marbellarentacar.es\/de\/schmetterlingspark-von-benalmadena\/#Blankko_Restaurant_Lounge_Bar\" >Blankko Restaurant &amp; Lounge Bar<\/a><\/li><li class='ez-toc-page-1 ez-toc-heading-level-3'><a class=\"ez-toc-link ez-toc-heading-5\" href=\"https:\/\/marbellarentacar.es\/de\/schmetterlingspark-von-benalmadena\/#34_952_44_33_98\" >+34 952 44 33 98<\/a><\/li><\/ul><\/li><li class='ez-toc-page-1 ez-toc-heading-level-2'><a class=\"ez-toc-link ez-toc-heading-6\" href=\"https:\/\/marbellarentacar.es\/de\/schmetterlingspark-von-benalmadena\/#How_to_get_to_Benalmadena\" >Wie man nach Benalm\u00e1dena kommt<\/a><ul class='ez-toc-list-level-3' ><li class='ez-toc-heading-level-3'><a class=\"ez-toc-link ez-toc-heading-7\" href=\"https:\/\/marbellarentacar.es\/de\/schmetterlingspark-von-benalmadena\/#The_route\" >Die Route<\/a><\/li><\/ul><\/li><li class='ez-toc-page-1 ez-toc-heading-level-2'><a class=\"ez-toc-link ez-toc-heading-8\" href=\"https:\/\/marbellarentacar.es\/de\/schmetterlingspark-von-benalmadena\/#Rent_a_car_Benalmadena\" >Auto mieten Benalm\u00e1dena<\/a><\/li><li class='ez-toc-page-1 ez-toc-heading-level-2'><a class=\"ez-toc-link ez-toc-heading-9\" href=\"https:\/\/marbellarentacar.es\/de\/schmetterlingspark-von-benalmadena\/#Photos_Gallery\" >Fotos Galerie<\/a><\/li><li class='ez-toc-page-1 ez-toc-heading-level-2'><a class=\"ez-toc-link ez-toc-heading-10\" href=\"https:\/\/marbellarentacar.es\/de\/schmetterlingspark-von-benalmadena\/#Rent_a_car_from_Marbella\" >Mieten Sie ein Auto von Marbella<\/a><\/li><\/ul><\/nav><\/div>\n<div class=\"wpb-content-wrapper\"><div class=\"vc_row wpb_row vc_row-fluid div-rutas\"><div class=\"wpb_column vc_column_container vc_col-sm-12\"><div class=\"vc_column-inner\"><div class=\"wpb_wrapper\"><div class=\"aio-icon-component  vc_custom_1618503066730   style_1\"><div id=\"Info-box-wrap-4423\" class=\"aio-icon-box default-icon\" style=\"\"  ><div class=\"aio-icon-default\"><div class=\"ult-just-icon-wrapper\"><div class=\"align-icon\" style=\"text-align:center;\">\n<div class=\"aio-icon none\"  style=\"color:#ef4239;font-size:35px;display:inline-block;\">\n\t<i class=\"Defaults-map-marker\"><\/i>\n<\/div><\/div><\/div><\/div><div class=\"aio-icon-header\" ><h2 class=\"aio-icon-title ult-responsive\"  data-ultimate-target='#Info-box-wrap-4423 .aio-icon-title'  data-responsive-json-new='{\"font-size\":\"desktop:30px;\",\"line-height\":\"desktop:25px;\"}'  style=\"\"><span class=\"ez-toc-section\" id=\"What_to_see_in_the_Benalmadena\"><\/span>Was gibt es in Benalm\u00e1dena zu sehen?<span class=\"ez-toc-section-end\"><\/span><\/h2><\/div> <!-- header --><div class=\"aio-icon-description ult-responsive\"  data-ultimate-target='#Info-box-wrap-4423 .aio-icon-description'  data-responsive-json-new='{\"font-size\":\"\",\"line-height\":\"\"}'  style=\"\"><\/p>\n<h3><span class=\"ez-toc-section\" id=\"Butterfly_Park_of_Benalmadena\"><\/span>Schmetterlingspark von Benalmadena<span class=\"ez-toc-section-end\"><\/span><\/h3>\n<p><\/div> <!-- description --><\/div> <!-- aio-icon-box --><\/div> <!-- aio-icon-component -->\n\t<div class=\"wpb_text_column wpb_content_element\" >\n\t\t<div class=\"wpb_wrapper\">\n\t\t\t<p>Dieses Schmetterlingsschutzgebiet <a href=\"https:\/\/www.mariposariodebenalmadena.com\/en\/\" target=\"_blank\" rel=\"noopener noreferrer\">Schmetterlingspark von Benalmadena<\/a>Sie ist die gr\u00f6\u00dfte in Europa, denn sie hat 2.000 Quadratmeter.<\/p>\n<p>Seine Struktur ist im thail\u00e4ndischen Stil gehalten, mit einem blauen Dach, das aus Thailand stammt, und S\u00e4ulen, die diese sch\u00f6ne Struktur tragen. Sie k\u00f6nnen einen Spaziergang durch die Geb\u00e4ude genie\u00dfen und etwas mehr \u00fcber die thail\u00e4ndische Architektur erfahren.<\/p>\n<p>Es gibt eine Kunstausstellung, Bilder exotischer Schmetterlinge, die seziert wurden, eine Wand voller Informationen, einen Geschenkeladen und eine Lobby, in der Sie sich mit Ihren Begleitern austauschen k\u00f6nnen. Es geht nicht nur um die Schmetterlinge, sondern Sie k\u00f6nnen ein Souvenir mitnehmen, etwas \u00fcber Schmetterlinge lernen und sich mit den wichtigsten Menschen austauschen.<\/p>\n<p>Der Ort, an dem sich die Schmetterlinge befinden, verf\u00fcgt \u00fcber gen\u00fcgend Pflanzen, um die Schmetterlinge zu halten und ihnen das Gef\u00fchl zu geben, in ihrer Umgebung zu sein. Es gibt einen kleinen Wasserlauf, der der Umgebung Dynamik verleiht, B\u00e4nke zum Sitzen und Genie\u00dfen der Natur. Wenn Sie ein Paar oder eine Familie haben, kann dieser Ort Sie aus der t\u00e4glichen Routine zu bekommen.<\/p>\n\n\t\t<\/div>\n\t<\/div>\n\n\t<div class=\"wpb_text_column wpb_content_element\" >\n\t\t<div class=\"wpb_wrapper\">\n\t\t\t\n\t\t<\/div>\n\t<\/div>\n<\/div><\/div><\/div><\/div><div class=\"vc_row wpb_row vc_row-fluid div-rutas\"><div class=\"wpb_column vc_column_container vc_col-sm-6\"><div class=\"vc_column-inner\"><div class=\"wpb_wrapper\"><div class=\"aio-icon-component  vc_custom_1618503108601   style_1\"><div id=\"Info-box-wrap-7818\" class=\"aio-icon-box default-icon\" style=\"\"  ><div class=\"aio-icon-default\"><div class=\"ult-just-icon-wrapper\"><div class=\"align-icon\" style=\"text-align:center;\">\n<div class=\"aio-icon none\"  style=\"color:#ef4239;font-size:33px;display:inline-block;\">\n\t<i class=\"Defaults-cutlery\"><\/i>\n<\/div><\/div><\/div><\/div><div class=\"aio-icon-header\" ><h2 class=\"aio-icon-title ult-responsive\"  data-ultimate-target='#Info-box-wrap-7818 .aio-icon-title'  data-responsive-json-new='{\"font-size\":\"desktop:30px;\",\"line-height\":\"desktop:25px;\"}'  style=\"\"><span class=\"ez-toc-section\" id=\"Where_to_eat_in_Benalmadena\"><\/span>Wo man in Benalm\u00e1dena essen kann<span class=\"ez-toc-section-end\"><\/span><\/h2><\/div> <!-- header --><div class=\"aio-icon-description ult-responsive\"  data-ultimate-target='#Info-box-wrap-7818 .aio-icon-description'  data-responsive-json-new='{\"font-size\":\"\",\"line-height\":\"\"}'  style=\"\"><\/p>\n<h3><span class=\"ez-toc-section\" id=\"Blankko_Restaurant_Lounge_Bar\"><\/span>Blankko Restaurant &amp; Lounge Bar<span class=\"ez-toc-section-end\"><\/span><\/h3>\n<p><\/div> <!-- description --><\/div> <!-- aio-icon-box --><\/div> <!-- aio-icon-component -->\n\t<div class=\"wpb_text_column wpb_content_element\" >\n\t\t<div class=\"wpb_wrapper\">\n\t\t\t<p>Es ist ein Restaurant mit mediterraner und kreativer K\u00fcche, mit einer guten Auswahl an Gerichten und Desserts, um die W\u00fcnsche eines jeden Kunden zu erf\u00fcllen. Hier k\u00f6nnen Sie Garnelen, griechischen Salat oder Lendenmedaillons genie\u00dfen; und zum Abschluss w\u00e4re ein Brownie, Kuchen oder Eis perfekt. Die Preise stehen im Einklang mit der Qualit\u00e4t der Gerichte.<\/p>\n<p>Ihre Philosophie und Werte konzentrieren sich auf die Kunden, weshalb die Qualit\u00e4t der Rohstoffe f\u00fcr jedes Gericht die beste ist. Sie wollen, dass Sie eine einzigartige Erfahrung haben, mit einem eleganten Design auf die Geb\u00e4ude und Sie k\u00f6nnen mediterrane K\u00fcche genie\u00dfen.<br \/>\nWir empfehlen Ihnen eine Reservierung, damit Sie die sch\u00f6ne Aussicht von den Tischen im Freien oder ein sch\u00f6nes Abendessen im Inneren genie\u00dfen k\u00f6nnen. Sie k\u00f6nnen jeden besonderen Anlass feiern, wie Hochzeiten, Taufen, Jubil\u00e4en und viele andere Ereignisse.<\/p>\n\n\t\t<\/div>\n\t<\/div>\n\n\t<div class=\"wpb_text_column wpb_content_element\" >\n\t\t<div class=\"wpb_wrapper\">\n\t\t\t\n\t\t<\/div>\n\t<\/div>\n\n\t<div class=\"wpb_text_column wpb_content_element wpb_animate_when_almost_visible wpb_fadeInDown fadeInDown\" >\n\t\t<div class=\"wpb_wrapper\">\n\t\t\t<div id=\"TA_cdsratingsonlywide15\" class=\"TA_cdsratingsonlywide\">\n<a target=\"_blank\" href=\"https:\/\/www.tripadvisor.com\/\" rel=\"noopener\"><img decoding=\"async\" src=\"https:\/\/www.tripadvisor.com\/img\/cdsi\/img2\/branding\/tripadvisor_logo_transp_340x80-18034-2.png\" alt=\"TripAdvisor\"\/><\/a>\n<\/div>\n<script async src=\"https:\/\/www.jscache.com\/wejs?wtype=cdsratingsonlywide&uniq=15&locationId=5432729&lang=en_US&border=true&display_version=2\"><\/script>\n\n\t\t<\/div>\n\t<\/div>\n<\/div><\/div><\/div><div class=\"wpb_column vc_column_container vc_col-sm-6\"><div class=\"vc_column-inner\"><div class=\"wpb_wrapper\"><div class=\"aio-icon-component  vc_custom_1567671317857   style_1\"><div id=\"Info-box-wrap-3847\" class=\"aio-icon-box heading-right-icon\" style=\"\"  ><div class=\"aio-icon-header\" ><h3 class=\"aio-icon-title ult-responsive\"  data-ultimate-target='#Info-box-wrap-3847 .aio-icon-title'  data-responsive-json-new='{\"font-size\":\"desktop:30px;\",\"line-height\":\"desktop:25px;\"}'  style=\"\"><span class=\"ez-toc-section\" id=\"34_952_44_33_98\"><\/span>+34 952 44 33 98<span class=\"ez-toc-section-end\"><\/span><\/h3><\/div> <!-- header --><div class=\"aio-icon-heading-right\" ><div class=\"ult-just-icon-wrapper\"><div class=\"align-icon\" style=\"text-align:center;\">\n<div class=\"aio-icon none\"  style=\"color:#ef4239;font-size:40px;display:inline-block;\">\n\t<i class=\"Defaults-mobile mobile-phone\"><\/i>\n<\/div><\/div><\/div><\/div><\/div> <!-- aio-icon-box --><\/div> <!-- aio-icon-component -->\n\t<div  class=\"wpb_single_image wpb_content_element vc_align_left wpb_content_element wpb_animate_when_almost_visible wpb_fadeInRight fadeInRight\">\n\t\t\n\t\t<figure class=\"wpb_wrapper vc_figure\">\n\t\t\t<a class=\"vc_single_image-wrapper   vc_box_border_grey\" data-lightbox=\"lightbox[rel-9637-4257308447]\" href=\"https:\/\/marbellarentacar.es\/wp-content\/uploads\/2019\/09\/butterfly-park-of-benalmadena.jpg\" target=\"_self\"><img decoding=\"async\" width=\"550\" height=\"412\" src=\"https:\/\/marbellarentacar.es\/wp-content\/uploads\/2019\/09\/butterfly-park-of-benalmadena.jpg\" class=\"vc_single_image-img attachment-large\" alt=\"Autovermietung Malaga\" title=\"schmetterlingspark-benalmadena\" srcset=\"https:\/\/marbellarentacar.es\/wp-content\/uploads\/2019\/09\/butterfly-park-of-benalmadena.jpg 550w, https:\/\/marbellarentacar.es\/wp-content\/uploads\/2019\/09\/butterfly-park-of-benalmadena-300x225.jpg 300w\" sizes=\"(max-width: 550px) 100vw, 550px\" \/><\/a>\n\t\t<\/figure>\n\t<\/div>\n<\/div><\/div><\/div><\/div><div class=\"vc_row wpb_row vc_row-fluid div-rutas\"><div class=\"wpb_column vc_column_container vc_col-sm-12\"><div class=\"vc_column-inner\"><div class=\"wpb_wrapper\">\n\t<div class=\"wpb_text_column wpb_content_element\" >\n\t\t<div class=\"wpb_wrapper\">\n\t\t\t\n\t\t<\/div>\n\t<\/div>\n<\/div><\/div><\/div><\/div><div class=\"vc_row wpb_row vc_row-fluid div-rutas\"><div class=\"wpb_column vc_column_container vc_col-sm-12\"><div class=\"vc_column-inner\"><div class=\"wpb_wrapper\"><div class=\"aio-icon-component  vc_custom_1618503139841   style_1\"><div id=\"Info-box-wrap-7111\" class=\"aio-icon-box default-icon\" style=\"\"  ><div class=\"aio-icon-default\"><div class=\"ult-just-icon-wrapper\"><div class=\"align-icon\" style=\"text-align:center;\">\n<div class=\"aio-icon none\"  style=\"color:#ef4239;font-size:35px;display:inline-block;\">\n\t<i class=\"Defaults-map-marker\"><\/i>\n<\/div><\/div><\/div><\/div><div class=\"aio-icon-header\" ><h2 class=\"aio-icon-title ult-responsive\"  data-ultimate-target='#Info-box-wrap-7111 .aio-icon-title'  data-responsive-json-new='{\"font-size\":\"desktop:30px;\",\"line-height\":\"desktop:25px;\"}'  style=\"\"><span class=\"ez-toc-section\" id=\"How_to_get_to_Benalmadena\"><\/span>Wie man nach Benalm\u00e1dena kommt<span class=\"ez-toc-section-end\"><\/span><\/h2><\/div> <!-- header --><div class=\"aio-icon-description ult-responsive\"  data-ultimate-target='#Info-box-wrap-7111 .aio-icon-description'  data-responsive-json-new='{\"font-size\":\"\",\"line-height\":\"\"}'  style=\"\"><\/p>\n<h3><span class=\"ez-toc-section\" id=\"The_route\"><\/span>Die Route<span class=\"ez-toc-section-end\"><\/span><\/h3>\n<p><\/div> <!-- description --><\/div> <!-- aio-icon-box --><\/div> <!-- aio-icon-component -->\n\t<div class=\"wpb_text_column wpb_content_element\" >\n\t\t<div class=\"wpb_wrapper\">\n\t\t\t\n\t\t<\/div>\n\t<\/div>\n\n\t<div class=\"wpb_text_column wpb_content_element\" >\n\t\t<div class=\"wpb_wrapper\">\n\t\t\t<p>Der Weg zum Schmetterlingsgarten ist sehr sch\u00f6n, und er liegt mitten an der Costa del Sol. Daher wird es eine sch\u00f6ne gr\u00fcne, bergige und W\u00fcstenlandschaften. Denken Sie daran, Sie k\u00f6nnen die Reise in vielerlei Hinsicht zu genie\u00dfen, und es gibt keinen besseren Weg zu beginnen, als die Route zum Ziel zu genie\u00dfen.<br \/>\nWenn Sie die AP-7-Route benutzen, empfehlen wir Ihnen, Bargeld mitzunehmen und mit der gesetzlich zul\u00e4ssigen Geschwindigkeit zu fahren, denn auf dieser Autobahn gibt es Maut- und Radarkontrollen.<\/p>\n\n\t\t<\/div>\n\t<\/div>\n<div class=\"vc_empty_space\"   style=\"height: 32px\"><span class=\"vc_empty_space_inner\"><\/span><\/div><div class=\"aio-icon-component  vc_custom_1687204460246   style_1\"><div id=\"Info-box-wrap-4026\" class=\"aio-icon-box default-icon\" style=\"\"  ><div class=\"aio-icon-default\"><div class=\"ult-just-icon-wrapper\"><div class=\"align-icon\" style=\"text-align:center;\">\n<div class=\"aio-icon none\"  style=\"color:#ef4239;font-size:33px;display:inline-block;\">\n\t<i class=\"Defaults-automobile\"><\/i>\n<\/div><\/div><\/div><\/div><div class=\"aio-icon-header\" ><h2 class=\"aio-icon-title ult-responsive\"  data-ultimate-target='#Info-box-wrap-4026 .aio-icon-title'  data-responsive-json-new='{\"font-size\":\"desktop:30px;\",\"line-height\":\"desktop:25px;\"}'  style=\"\"><span class=\"ez-toc-section\" id=\"Rent_a_car_Benalmadena\"><\/span>Auto mieten Benalm\u00e1dena<span class=\"ez-toc-section-end\"><\/span><\/h2><\/div> <!-- header --><div class=\"aio-icon-description ult-responsive\"  data-ultimate-target='#Info-box-wrap-4026 .aio-icon-description'  data-responsive-json-new='{\"font-size\":\"\",\"line-height\":\"\"}'  style=\"\">Mieten Sie Ihr Auto in einem unserer B\u00fcros in Malaga, Marbella und Gibraltar oder nutzen Sie die bequemste Option, wir bringen Sie zu Ihrem Hotel oder Apartment. <a href=\"https:\/\/marbellarentacar.es\/de\/3\/autovermietung-benalmadena\/\">Auto mieten Benalm\u00e1dena<\/a> ist hier.<\/div> <!-- description --><\/div> <!-- aio-icon-box --><\/div> <!-- aio-icon-component --><div class=\"vc_empty_space\"   style=\"height: 32px\"><span class=\"vc_empty_space_inner\"><\/span><\/div><\/div><\/div><\/div><\/div><div class=\"vc_row wpb_row vc_row-fluid\"><div class=\"wpb_column vc_column_container vc_col-sm-12\"><div class=\"vc_column-inner\"><div class=\"wpb_wrapper\">\n\t<div class=\"wpb_raw_code wpb_raw_html wpb_content_element yiframe\" >\n\t\t<div class=\"wpb_wrapper\">\n\t\t\t<iframe width=\"560\" height=\"315\" src=\"https:\/\/www.youtube.com\/embed\/MVVVz8dv-wU\" frameborder=\"0\" allow=\"accelerometer; autoplay; encrypted-media; gyroscope; picture-in-picture\" allowfullscreen><\/iframe>\n\t\t<\/div>\n\t<\/div>\n<\/div><\/div><\/div><\/div><div class=\"vc_row wpb_row vc_row-fluid div-rutas\"><div class=\"wpb_column vc_column_container vc_col-sm-12\"><div class=\"vc_column-inner\"><div class=\"wpb_wrapper\">\n\t<div class=\"wpb_text_column wpb_content_element\" >\n\t\t<div class=\"wpb_wrapper\">\n\t\t\t<div class=\"align_center\"><h2 class=\"vc_underline_title vc_title\"><span class=\"ez-toc-section\" id=\"Photos_Gallery\"><\/span>Fotos Galerie<span class=\"ez-toc-section-end\"><\/span><\/h2><div class=\"vc_underline primary_color_background\"><\/div><\/div><div class=\"vc_empty_space\"   style=\"height: 32px\"><span class=\"vc_empty_space_inner\"><\/span><\/div>\n\n\t\t<\/div>\n\t<\/div>\n<\/div><\/div><\/div><\/div><div class=\"vc_row wpb_row vc_row-fluid div-rutas\"><div class=\"wpb_column vc_column_container vc_col-sm-12\"><div class=\"vc_column-inner\"><div class=\"wpb_wrapper\">\n<div class=\"vc_grid-container-wrapper vc_clearfix vc_grid-animation-zoomIn\">\n\t<div class=\"vc_grid-container vc_clearfix wpb_content_element vc_masonry_media_grid\" data-initial-loading-animation=\"zoomIn\" data-vc-grid-settings=\"{&quot;page_id&quot;:9637,&quot;style&quot;:&quot;all-masonry&quot;,&quot;action&quot;:&quot;vc_get_vc_grid_data&quot;,&quot;shortcode_id&quot;:&quot;1687204447317-f9dfe54a-5f83-2&quot;,&quot;tag&quot;:&quot;vc_masonry_media_grid&quot;}\" data-vc-request=\"https:\/\/marbellarentacar.es\/wp-admin\/admin-ajax.php\" data-vc-post-id=\"9637\" data-vc-public-nonce=\"f71ee37474\">\n\t\t\n\t<\/div>\n<\/div><\/div><\/div><\/div><\/div><div class=\"vc_row wpb_row vc_row-fluid\"><div class=\"wpb_column vc_column_container vc_col-sm-12\"><div class=\"vc_column-inner\"><div class=\"wpb_wrapper\">\n\t<div class=\"wpb_text_column wpb_content_element\" >\n\t\t<div class=\"wpb_wrapper\">\n\t\t\t<div class=\"align_center\"><h2 class=\"vc_underline_title vc_title\"><span class=\"ez-toc-section\" id=\"Rent_a_car_from_Marbella\"><\/span>Mieten Sie ein Auto von Marbella<span class=\"ez-toc-section-end\"><\/span><\/h2><div class=\"vc_underline primary_color_background\"><\/div><\/div><div class=\"vc_empty_space\"   style=\"height: 32px\"><span class=\"vc_empty_space_inner\"><\/span><\/div>\n\t<div class=\"wpb_text_column wpb_content_element\" >\n\t\t<div class=\"wpb_wrapper\">\n\t\t\t\n\t\t<\/div>\n\t<\/div>\n    <script type=\"text\/javascript\">\n        jQuery(document).ready(function () {\n            var unavailableDates = [];\n            var autofocus = 1;\n            var select2 = 1;\n            var pickupTime = jQuery('select.pickup-time');\n            var returnTime = jQuery('.return-time');\n\n            function unavailable(date) {\n                var ymd = date.getFullYear() + \"-\" + (\"0\" + (date.getMonth() + 1)).slice(-2) + \"-\" + (\"0\" + date.getDate()).slice(-2);\n                var day = new Date(ymd).getDay();\n                if (jQuery.inArray(ymd, unavailableDates) < 0) {\n                    return [true, \"enabled\", \"\"];\n                } else {\n                    return [false, \"disabled\", \"Geschlossen\"];\n                }\n            }\n\n            jQuery('.pickup-date').datepicker({\n                minDate: \"+0D\",\n                maxDate: \"+730D\",\n                beforeShowDay: unavailable,\n                numberOfMonths: 2,\n                dateFormat: 'dd\/mm\/yy',\n                firstDay: 1,\n                onSelect: function (selected) {\n                    var date = jQuery(this).datepicker('getDate');\n                    if (date) {\n                        date.setDate(date.getDate());\n                    }\n                    jQuery('.return-date').datepicker(\"option\", \"minDate\", date);\n                    if (autofocus) {\n                        select2 == 1 ? pickupTime.select2('open') : pickupTime.focus();\n                    }\n                }\n            });\n\n            jQuery('.return-date').datepicker({\n                minDate: 0,\n                maxDate: \"+730D\",\n                beforeShowDay: unavailable,\n                numberOfMonths: 2,\n                dateFormat: 'dd\/mm\/yy',\n                firstDay: 1,\n                onSelect: function (selected) {\n                    jQuery('.pickup-date').datepicker(\"option\", \"maxDate\", selected);\n                    if (autofocus) {\n                        select2 == 1 ? returnTime.select2('open') : returnTime.focus();\n                    }\n                }\n            });\n            jQuery('.pickup-date-datepicker').click(function () {\n                jQuery('.pickup-date').datepicker('show');\n            });\n            jQuery(\".return-date-datepicker\").click(function () {\n                jQuery('.return-date').datepicker('show');\n            });\n\n            jQuery('.car-rental-do-search').click(function () {\n                var objCouponCode = jQuery('.coupon-code');\n                var objPickupLocation = jQuery('.pickup-location');\n                var objReturnLocation = jQuery('.return-location');\n                var objPickupDate = jQuery('.pickup-date');\n                var objReturnDate = jQuery('.return-date');\n                var objBookingPeriod = jQuery('.booking-period');\n\n                var couponCode = \"SKIP\";\n                var pickupLocationId = \"SKIP\";\n                var returnLocationId = \"SKIP\";\n                var pickupDate = \"SKIP\";\n                var returnDate = \"SKIP\";\n                var bookingPeriod = \"SKIP\";\n\n\t\t\t\t\n\t\t\t\t                if (objPickupLocation.length) {\n                    pickupLocationId = objPickupLocation.val();\n                }\n\t\t\t\t\n\t\t\t\t                if (objReturnLocation.length) {\n                    returnLocationId = objReturnLocation.val();\n                }\n\t\t\t\t\n\t\t\t\t                if (objPickupDate.length) {\n                    pickupDate = objPickupDate.val();\n                }\n\t\t\t\t\n\t\t\t\t                if (objReturnDate.length) {\n                    returnDate = objReturnDate.val();\n                }\n\t\t\t\t\n\t\t\t\t                if (objBookingPeriod.length) {\n                    bookingPeriod = objBookingPeriod.val();\n                }\n\t\t\t\t                \/\/alert('pickupDate[len]:' + objPickupDate.length + ', pickupDate[val]:' + pickupDate);\n\n                if (couponCode == \"\" || couponCode == \"I have coupon code:\") {\n                    alert('Please enter coupon code!');\n                    return false;\n                } else if (pickupLocationId == \"\") {\n                    alert('Bitte w\u00e4hlen Sie einen Abholort!');\n                    return false;\n                } else if (returnLocationId == \"\") {\n                    alert('Bitte w\u00e4hlen Sie einen R\u00fcckgabeort!');\n                    return false;\n                } else if (pickupDate == \"\" || pickupDate == \"Datum:\") {\n                    alert('Bitte w\u00e4hlen Sie ein Abholdatum!');\n                    return false;\n                } else if (returnDate == \"\" || returnDate == \"Datum:\") {\n                    alert('Bitte w\u00e4hlen Sie ein R\u00fcckgabedatum!');\n                    return false;\n                } else if (bookingPeriod == \"\") {\n                    alert('Bitte w\u00e4hlen Sie einen Buchungszeitraum!');\n                    return false;\n                } else {\n                    return true;\n                }\n            });\n        });\n    <\/script> \n    <h4 class=\"item-form-single blanco\">Von Marbella zum Schmetterlingspark von Benalm\u00e1dena<\/h4>\n    <div id=\"item-form-single\" class=\"row search_form_row car-rental-single-location\">\n<!--  \/wp-content\/themes\/wp-car-rental\/Extensions\/CarRental\/Templates\/Front\/Booking\/template.Step1SingleLocationSearchForm.php -->\n<!-- formElem 108   -->\n<!-- <form id=\"formElem\" name=\"formElem\" action=\"\/proceso-de-reserva\/\" method=\"post\"> -->\n<form id=\"formElem\" name=\"formElem\" action=\"\/de\/booking-process\/\" method=\"post\" class=\"no_translate\" data-no-auto-translation=\"\" data-trp-original-action=\"\/booking-process\/\"><!-- CREADO DESDE: code-sourcecode-carhireindex.php - linea 167 form_lang -->            <div class=\"col-sm-12 col-md-10\">\n                <div class=\"row\">\n\t\t\t\t\t                        <div class=\"col-sm-6\">\n                            <div class=\"row\">\n                                <div class=\"col-xs-7 col-sm-8 date\">\n                                    <span class=\"form_title\">Abholdatum<\/span>\n                                    <input type=\"text\" name=\"pickup_date\" value=\"Datum:\"\n                                           class=\"pickup-date\"\n                                           readonly=\"readonly\" autocomplete=\"off\"\/>\n                                <\/div>\n                                <div class=\"col-xs-5 col-sm-4 time\">\n                                    <span class=\"form_title\">Uhrzeit<\/span>\n                                    <select name=\"pickup_time\" class=\"form-control pickup-time\">\n\t\t\t\t\t\t\t\t\t\t<option value=\"00:00:00\">00:00<\/option><option value=\"00:30:00\">00:30<\/option><option value=\"01:00:00\">01:00<\/option><option value=\"01:30:00\">01:30<\/option><option value=\"02:00:00\">02:00<\/option><option value=\"02:30:00\">02:30<\/option><option value=\"03:00:00\">03:00<\/option><option value=\"03:30:00\">03:30<\/option><option value=\"04:00:00\">04:00<\/option><option value=\"04:30:00\">04:30<\/option><option value=\"05:00:00\">05:00<\/option><option value=\"05:30:00\">05:30<\/option><option value=\"06:00:00\">06:00<\/option><option value=\"06:30:00\">06:30<\/option><option value=\"07:00:00\">07:00<\/option><option value=\"07:30:00\">07:30<\/option><option value=\"08:00:00\">08:00<\/option><option value=\"08:30:00\">08:30<\/option><option value=\"09:00:00\">09:00<\/option><option value=\"09:30:00\">09:30<\/option><option value=\"10:00:00\">10:00<\/option><option value=\"10:30:00\">10:30<\/option><option value=\"11:00:00\">11:00<\/option><option value=\"11:30:00\">11:30<\/option><option value=\"12:00:00\" selected=\"selected\">12:00<\/option><option value=\"12:30:00\">12:30<\/option><option value=\"13:00:00\">13:00<\/option><option value=\"13:30:00\">13:30<\/option><option value=\"14:00:00\">14:00<\/option><option value=\"14:30:00\">14:30<\/option><option value=\"15:00:00\">15:00<\/option><option value=\"15:30:00\">15:30<\/option><option value=\"16:00:00\">16:00<\/option><option value=\"16:30:00\">16:30<\/option><option value=\"17:00:00\">17:00<\/option><option value=\"17:30:00\">17:30<\/option><option value=\"18:00:00\">18:00<\/option><option value=\"18:30:00\">18:30<\/option><option value=\"19:00:00\">19:00<\/option><option value=\"19:30:00\">19:30<\/option><option value=\"20:00:00\">20:00<\/option><option value=\"20:30:00\">20:30<\/option><option value=\"21:00:00\">21:00<\/option><option value=\"21:30:00\">21:30<\/option><option value=\"22:00:00\">22:00<\/option><option value=\"22:30:00\">22:30<\/option><option value=\"23:00:00\">23:00<\/option><option value=\"23:30:00\">23:30<\/option>                                    <\/select>\n                                <\/div>\n                            <\/div>\n                        <\/div>\n\t\t\t\t\t\t\t\t\t\t                        <div class=\"col-sm-6\">\n                            <div class=\"row\">\n\t\t\t\t\t\t\t\t                                    <div class=\"col-xs-7 col-sm-8 date\">\n                                        <span class=\"form_title\">R\u00fcckgabedatum<\/span>\n                                        <input type=\"text\" name=\"return_date\" class=\"return-date\"\n                                               value=\"Datum:\"\n                                               readonly=\"readonly\" autocomplete=\"off\"\/>\n                                    <\/div>\n                                    <div class=\"col-xs-5 col-sm-4 time\">\n                                        <span class=\"form_title\">Uhrzeit<\/span>\n                                        <select name=\"return_time\" class=\"form-control return-time\">\n\t\t\t\t\t\t\t\t\t\t\t<option value=\"00:00:00\">00:00<\/option><option value=\"00:30:00\">00:30<\/option><option value=\"01:00:00\">01:00<\/option><option value=\"01:30:00\">01:30<\/option><option value=\"02:00:00\">02:00<\/option><option value=\"02:30:00\">02:30<\/option><option value=\"03:00:00\">03:00<\/option><option value=\"03:30:00\">03:30<\/option><option value=\"04:00:00\">04:00<\/option><option value=\"04:30:00\">04:30<\/option><option value=\"05:00:00\">05:00<\/option><option value=\"05:30:00\">05:30<\/option><option value=\"06:00:00\">06:00<\/option><option value=\"06:30:00\">06:30<\/option><option value=\"07:00:00\">07:00<\/option><option value=\"07:30:00\">07:30<\/option><option value=\"08:00:00\">08:00<\/option><option value=\"08:30:00\">08:30<\/option><option value=\"09:00:00\">09:00<\/option><option value=\"09:30:00\">09:30<\/option><option value=\"10:00:00\">10:00<\/option><option value=\"10:30:00\">10:30<\/option><option value=\"11:00:00\">11:00<\/option><option value=\"11:30:00\">11:30<\/option><option value=\"12:00:00\" selected=\"selected\">12:00<\/option><option value=\"12:30:00\">12:30<\/option><option value=\"13:00:00\">13:00<\/option><option value=\"13:30:00\">13:30<\/option><option value=\"14:00:00\">14:00<\/option><option value=\"14:30:00\">14:30<\/option><option value=\"15:00:00\">15:00<\/option><option value=\"15:30:00\">15:30<\/option><option value=\"16:00:00\">16:00<\/option><option value=\"16:30:00\">16:30<\/option><option value=\"17:00:00\">17:00<\/option><option value=\"17:30:00\">17:30<\/option><option value=\"18:00:00\">18:00<\/option><option value=\"18:30:00\">18:30<\/option><option value=\"19:00:00\">19:00<\/option><option value=\"19:30:00\">19:30<\/option><option value=\"20:00:00\">20:00<\/option><option value=\"20:30:00\">20:30<\/option><option value=\"21:00:00\">21:00<\/option><option value=\"21:30:00\">21:30<\/option><option value=\"22:00:00\">22:00<\/option><option value=\"22:30:00\">22:30<\/option><option value=\"23:00:00\">23:00<\/option><option value=\"23:30:00\">23:30<\/option>                                        <\/select>\n                                    <\/div>\n\t\t\t\t\t\t\t\t                            <\/div>\n                        <\/div>\n\t\t\t\t\t\t\t\t\t\t\t\t\t\t\t\t                                <\/div>\n            <\/div>\n            <div class=\"col-xs-12 col-md-2\">\n                <input type=\"hidden\" name=\"booking_code\" value=\"\"\/>\n                <input type=\"hidden\" name=\"pickup_location_id\" value=\"2\"\/>\n                <input type=\"hidden\" name=\"return_location_id\" value=\"2\"\/>\n                <input name=\"item_ids[]\" value=\"-1\" type=\"hidden\"\/>\n\t\t\t\t<input type=\"submit\" name=\"car_rental_do_search\" value=\"Fortsetzen\" class=\"car-rental-do-search\" \/>            <\/div>\n        <input type=\"hidden\" name=\"trp-form-language\" value=\"de\"\/><\/form>\n    <\/div>\n    <script type=\"text\/javascript\">\n        jQuery(document).ready(function () {\n            var timeSelect2 = '1';\n            var durationSelect2 = '1';\n            var priceCalculationType = '1';\n            var nrsAutoFocus = '1';\n            var returnLocation = '';\n            var returnDate = '1';\n            initilizeSelect2(timeSelect2, durationSelect2, priceCalculationType, nrsAutoFocus, returnLocation, returnDate);\n            SetSubmitButtonHeight();\n        });\n        jQuery(window).resize(function(){\n            SetSubmitButtonHeight();\n        });\n        function initilizeSelect2(timeS2, durationS2, priceType, autoFocus, returnLocation, returnDate) {\n            if (timeS2 == 1) {\n                jQuery(\"select[name='pickup_time']\").select2(\n                    {\n                        language: {\n                            \"noResults\": function () {\n                                return \"Invalid time format, or not available.\";\n                            }\n                        }\n                    }\n                ).on('select2:select', function () {\n                    if (autoFocus == 1) {\n                        if (returnLocation && locationsS2 == 1) {\n                            jQuery('.return-location').select2('open');\n                        } else if (returnDate == 1) {\n                            if (priceType == 2 && durationS2 == 1) {\n                                jQuery('.booking-period').select2('open');\n                            } else {\n                                jQuery('.return-date').focus();\n                            }\n                        }\n                    }\n                });\n                jQuery(\"select[name='return_time']\").select2(\n                    {\n                        language: {\n                            \"noResults\": function () {\n                                return \"Invalid time format, or not available.\";\n                            }\n                        }\n                    }\n                );\n            }\n            if (durationS2 == 1) {\n                jQuery(\"select[name='booking_period']\").select2();\n            }\n        }\n        function SetSubmitButtonHeight() {\n            jQuery('.car-rental-do-search').css('height','0').css('height', (jQuery('.search_form_row').height()-35) + 'px');\n        }\n    <\/script>\n<\/p>\n\n\t\t<\/div>\n\t<\/div>\n<\/div><\/div><\/div><\/div>\n<\/div>","protected":false},"excerpt":{"rendered":"Die Schmetterlinge sind ein wesentlicher Bestandteil der Natur und des \u00d6kosystems, weil sie die Qualit\u00e4t der Umwelt anzeigen und Teil der Welt sind. Der Schmetterlingsgarten von Benalm\u00e1dena ist der richtige Ort, um mit Kindern spazieren zu gehen und ihnen die Bedeutung der Schmetterlinge zu erkl\u00e4ren, oder um einen Spaziergang zu zweit zu machen. Au\u00dferdem k\u00f6nnen Sie im Restaurant Blankko zu Mittag oder zu Abend essen und ausgezeichnete spanische oder mediterrane Gerichte, Desserts und eine wundersch\u00f6ne Landschaft genie\u00dfen.","protected":false},"author":1,"featured_media":11445,"comment_status":"closed","ping_status":"open","sticky":false,"template":"","format":"standard","meta":{"_joinchat":[],"footnotes":""},"categories":[13,3074],"tags":[],"class_list":{"0":"post-9637","1":"post","2":"type-post","3":"status-publish","4":"format-standard","5":"has-post-thumbnail","7":"category-route","8":"category-from-marbella"},"_links":{"self":[{"href":"https:\/\/marbellarentacar.es\/de\/wp-json\/wp\/v2\/posts\/9637","targetHints":{"allow":["GET"]}}],"collection":[{"href":"https:\/\/marbellarentacar.es\/de\/wp-json\/wp\/v2\/posts"}],"about":[{"href":"https:\/\/marbellarentacar.es\/de\/wp-json\/wp\/v2\/types\/post"}],"author":[{"embeddable":true,"href":"https:\/\/marbellarentacar.es\/de\/wp-json\/wp\/v2\/users\/1"}],"replies":[{"embeddable":true,"href":"https:\/\/marbellarentacar.es\/de\/wp-json\/wp\/v2\/comments?post=9637"}],"version-history":[{"count":0,"href":"https:\/\/marbellarentacar.es\/de\/wp-json\/wp\/v2\/posts\/9637\/revisions"}],"wp:featuredmedia":[{"embeddable":true,"href":"https:\/\/marbellarentacar.es\/de\/wp-json\/wp\/v2\/media\/11445"}],"wp:attachment":[{"href":"https:\/\/marbellarentacar.es\/de\/wp-json\/wp\/v2\/media?parent=9637"}],"wp:term":[{"taxonomy":"category","embeddable":true,"href":"https:\/\/marbellarentacar.es\/de\/wp-json\/wp\/v2\/categories?post=9637"},{"taxonomy":"post_tag","embeddable":true,"href":"https:\/\/marbellarentacar.es\/de\/wp-json\/wp\/v2\/tags?post=9637"}],"curies":[{"name":"wp","href":"https:\/\/api.w.org\/{rel}","templated":true}]}}