{"id":8472,"date":"2018-11-09T13:54:29","date_gmt":"2018-11-09T12:54:29","guid":{"rendered":"https:\/\/marbellarentacar.es\/?p=8472"},"modified":"2025-02-02T18:12:12","modified_gmt":"2025-02-02T17:12:12","slug":"la-linea-de-la-concepcion-barbate","status":"publish","type":"post","link":"https:\/\/marbellarentacar.es\/de\/la-linea-de-la-concepcion-barbate\/","title":{"rendered":"La L\u00ednea de la Concepci\u00f3n - Barbate"},"content":{"rendered":"<div id=\"ez-toc-container\" class=\"ez-toc-v2_0_76 counter-hierarchy ez-toc-counter ez-toc-custom ez-toc-container-direction\">\n<div class=\"ez-toc-title-container\">\n<p class=\"ez-toc-title\" style=\"cursor:inherit\">Inhalts\u00fcbersicht<\/p>\n<span class=\"ez-toc-title-toggle\"><a href=\"#\" class=\"ez-toc-pull-right ez-toc-btn ez-toc-btn-xs ez-toc-btn-default ez-toc-toggle\" aria-label=\"Inhaltsverzeichnis umschalten\"><span class=\"ez-toc-js-icon-con\"><span class=\"\"><span class=\"eztoc-hide\" style=\"display:none;\">Umschalten auf<\/span><span class=\"ez-toc-icon-toggle-span\"><svg style=\"fill: #003a60;color:#003a60\" xmlns=\"http:\/\/www.w3.org\/2000\/svg\" class=\"list-377408\" width=\"20px\" height=\"20px\" viewbox=\"0 0 24 24\" fill=\"none\"><path d=\"M6 6H4v2h2V6zm14 0H8v2h12V6zM4 11h2v2H4v-2zm16 0H8v2h12v-2zM4 16h2v2H4v-2zm16 0H8v2h12v-2z\" fill=\"currentColor\"><\/path><\/svg><svg style=\"fill: #003a60;color:#003a60\" class=\"arrow-unsorted-368013\" xmlns=\"http:\/\/www.w3.org\/2000\/svg\" width=\"10px\" height=\"10px\" viewbox=\"0 0 24 24\" version=\"1.2\" baseprofile=\"tiny\"><path d=\"M18.2 9.3l-6.2-6.3-6.2 6.3c-.2.2-.3.4-.3.7s.1.5.3.7c.2.2.4.3.7.3h11c.3 0 .5-.1.7-.3.2-.2.3-.5.3-.7s-.1-.5-.3-.7zM5.8 14.7l6.2 6.3 6.2-6.3c.2-.2.3-.5.3-.7s-.1-.5-.3-.7c-.2-.2-.4-.3-.7-.3h-11c-.3 0-.5.1-.7.3-.2.2-.3.5-.3.7s.1.5.3.7z\"\/><\/svg><\/span><\/span><\/span><\/a><\/span><\/div>\n<nav><ul class='ez-toc-list ez-toc-list-level-1' ><ul class='ez-toc-list-level-3' ><li class='ez-toc-heading-level-3'><a class=\"ez-toc-link ez-toc-heading-1\" href=\"https:\/\/marbellarentacar.es\/de\/la-linea-de-la-concepcion-barbate\/#Barbate\" >Barbate<\/a><\/li><li class='ez-toc-page-1 ez-toc-heading-level-3'><a class=\"ez-toc-link ez-toc-heading-2\" href=\"https:\/\/marbellarentacar.es\/de\/la-linea-de-la-concepcion-barbate\/#Restaurante_El_Pozuelo\" >Gastst\u00e4tte El Pozuelo<\/a><\/li><li class='ez-toc-page-1 ez-toc-heading-level-3'><a class=\"ez-toc-link ez-toc-heading-3\" href=\"https:\/\/marbellarentacar.es\/de\/la-linea-de-la-concepcion-barbate\/#34_956_68_51_94\" >+34 956 68 51 94<\/a><\/li><li class='ez-toc-page-1 ez-toc-heading-level-3'><a class=\"ez-toc-link ez-toc-heading-4\" href=\"https:\/\/marbellarentacar.es\/de\/la-linea-de-la-concepcion-barbate\/#Tarifa\" >Tarifa<\/a><\/li><\/ul><\/li><li class='ez-toc-page-1 ez-toc-heading-level-2'><a class=\"ez-toc-link ez-toc-heading-5\" href=\"https:\/\/marbellarentacar.es\/de\/la-linea-de-la-concepcion-barbate\/#Photos_Gallery\" >Fotos Galerie<\/a><\/li><li class='ez-toc-page-1 ez-toc-heading-level-2'><a class=\"ez-toc-link ez-toc-heading-6\" href=\"https:\/\/marbellarentacar.es\/de\/la-linea-de-la-concepcion-barbate\/#Rent_a_car_from_La_Linea_de_la_Concepcion\" >Mieten Sie ein Auto von La L\u00ednea de la Concepci\u00f3n<\/a><\/li><\/ul><\/nav><\/div>\n<div class=\"wpb-content-wrapper\"><div class=\"vc_row wpb_row vc_row-fluid div-rutas\"><div class=\"wpb_column vc_column_container vc_col-sm-12\"><div class=\"vc_column-inner\"><div class=\"wpb_wrapper\"><div class=\"aio-icon-component  vc_custom_1541768860870   style_1\"><div id=\"Info-box-wrap-7382\" class=\"aio-icon-box default-icon\" style=\"\"  ><div class=\"aio-icon-default\"><div class=\"ult-just-icon-wrapper\"><div class=\"align-icon\" style=\"text-align:center;\">\n<div class=\"aio-icon none\"  style=\"color:#ef4239;font-size:35px;display:inline-block;\">\n\t<i class=\"Defaults-map-marker\"><\/i>\n<\/div><\/div><\/div><\/div><div class=\"aio-icon-header\" ><h3 class=\"aio-icon-title ult-responsive\"  data-ultimate-target='#Info-box-wrap-7382 .aio-icon-title'  data-responsive-json-new='{\"font-size\":\"desktop:30px;\",\"line-height\":\"desktop:25px;\"}'  style=\"\"><span class=\"ez-toc-section\" id=\"Barbate\"><\/span>Barbate<span class=\"ez-toc-section-end\"><\/span><\/h3><\/div> <!-- header --><\/div> <!-- aio-icon-box --><\/div> <!-- aio-icon-component -->\n\t<div class=\"wpb_text_column wpb_content_element\" >\n\t\t<div class=\"wpb_wrapper\">\n\t\t\t<p>Barbate, in der Provinz C\u00e1diz, ist eine sch\u00f6ne Stadt, die sich durch ihr vielf\u00e4ltiges touristisches Angebot und ihre fast ganzj\u00e4hrig angenehmen Temperaturen auszeichnet.<\/p>\n<p>Die Stadt verf\u00fcgt \u00fcber 25 Kilometer K\u00fcste mit Str\u00e4nden von unterschiedlicher Beschaffenheit und au\u00dfergew\u00f6hnlicher Qualit\u00e4t, wie der Strand von Zahara de los Atunes oder der Strand von Nuestra Se\u00f1ora del Carmen.<\/p>\n<p>An der Trafalgar-K\u00fcste lohnt sich auch ein Besuch des T\u00f3mbolo de Trafalgar, eines Naturdenkmals mit D\u00fcnen aus feinem Sand, Str\u00e4nden und einem felsigen Gebiet, in dem sich der Faro del Cabo Trafalgar (ein Leuchtturm) erhebt.<\/p>\n<p>Naturliebhaber k\u00f6nnen auf einem der Pfade des Naturparks La Bre\u00f1a y Marismas del R\u00edo Barbate spazieren gehen, der einen gro\u00dfen \u00f6kologischen Reichtum aufweist. Es gibt drei v\u00f6llig unterschiedliche \u00d6kosysteme: das Meeres-, das Sumpf- und das Land-\u00d6kosystem, letzteres mit Klippen, D\u00fcnen und Bergen.<\/p>\n<p>Dar\u00fcber hinaus hat Barbate ein umfangreiches historisches Erbe, aus dem die hoch aufragenden Festungen hervorstechen: Torre del Tajo, Meca und Trafalgar.<\/p>\n<p>Wenn Sie die Gelegenheit haben, Barbate zwischen April und Juni zu besuchen, d\u00fcrfen Sie sich die Almadraba nicht entgehen lassen, eine tausendj\u00e4hrige Fischereikunst, die sich jedes Jahr vor den K\u00fcsten wiederholt.<\/p>\n\n\t\t<\/div>\n\t<\/div>\n\n\t<div class=\"wpb_text_column wpb_content_element\" >\n\t\t<div class=\"wpb_wrapper\">\n\t\t\t\n\t\t<\/div>\n\t<\/div>\n<\/div><\/div><\/div><\/div><div class=\"vc_row wpb_row vc_row-fluid div-rutas\"><div class=\"wpb_column vc_column_container vc_col-sm-6\"><div class=\"vc_column-inner\"><div class=\"wpb_wrapper\"><div class=\"aio-icon-component  vc_custom_1541768659816   style_1\"><div id=\"Info-box-wrap-7074\" class=\"aio-icon-box default-icon\" style=\"\"  ><div class=\"aio-icon-default\"><div class=\"ult-just-icon-wrapper\"><div class=\"align-icon\" style=\"text-align:center;\">\n<div class=\"aio-icon none\"  style=\"color:#ef4239;font-size:33px;display:inline-block;\">\n\t<i class=\"Defaults-cutlery\"><\/i>\n<\/div><\/div><\/div><\/div><div class=\"aio-icon-header\" ><h3 class=\"aio-icon-title ult-responsive\"  data-ultimate-target='#Info-box-wrap-7074 .aio-icon-title'  data-responsive-json-new='{\"font-size\":\"desktop:30px;\",\"line-height\":\"desktop:25px;\"}'  style=\"\"><span class=\"ez-toc-section\" id=\"Restaurante_El_Pozuelo\"><\/span>Gastst\u00e4tte El Pozuelo<span class=\"ez-toc-section-end\"><\/span><\/h3><\/div> <!-- header --><\/div> <!-- aio-icon-box --><\/div> <!-- aio-icon-component -->\n\t<div class=\"wpb_text_column wpb_content_element\" >\n\t\t<div class=\"wpb_wrapper\">\n\t\t\t<p>Im Restaurant El Pozuelo k\u00f6nnen Sie k\u00f6stliche Gerichte wie die Spezialit\u00e4ten des Hauses probieren: gegrilltes Fleisch aus Retinto, frischen Fisch aus Tarifa vom Fischmarkt und Suppenreis mit Carabineros.<\/p>\n<p>Das Pozuelo verf\u00fcgt \u00fcber einen ausgezeichneten Service, ger\u00e4umige Speises\u00e4le und einen sch\u00f6nen Garten mit Naturrasen. Wir empfehlen Ihnen, im Voraus zu buchen, vor allem in der Hochsaison, weil es normalerweise voll ist!<\/p>\n\n\t\t<\/div>\n\t<\/div>\n\n\t<div class=\"wpb_text_column wpb_content_element\" >\n\t\t<div class=\"wpb_wrapper\">\n\t\t\t\n\t\t<\/div>\n\t<\/div>\n\n\t<div class=\"wpb_text_column wpb_content_element wpb_animate_when_almost_visible wpb_fadeInDown fadeInDown\" >\n\t\t<div class=\"wpb_wrapper\">\n\t\t\t<div id=\"TA_cdsratingsonlywide6\" class=\"TA_cdsratingsonlywide\">\n<a target=\"_blank\" href=\"https:\/\/www.tripadvisor.com\/\" rel=\"noopener\"><img decoding=\"async\" src=\"https:\/\/www.tripadvisor.com\/img\/cdsi\/img2\/branding\/tripadvisor_logo_transp_340x80-18034-2.png\" alt=\"TripAdvisor\"\/><\/a>\n<\/div>\n<script async src=\"https:\/\/www.jscache.com\/wejs?wtype=cdsratingsonlywide&uniq=6&locationId=5457097&lang=en_US&border=true&display_version=2\"><\/script>\n\n\t\t<\/div>\n\t<\/div>\n<\/div><\/div><\/div><div class=\"wpb_column vc_column_container vc_col-sm-6\"><div class=\"vc_column-inner\"><div class=\"wpb_wrapper\"><div class=\"aio-icon-component  vc_custom_1541769101062   style_1\"><div id=\"Info-box-wrap-7444\" class=\"aio-icon-box heading-right-icon\" style=\"\"  ><div class=\"aio-icon-header\" ><h3 class=\"aio-icon-title ult-responsive\"  data-ultimate-target='#Info-box-wrap-7444 .aio-icon-title'  data-responsive-json-new='{\"font-size\":\"desktop:30px;\",\"line-height\":\"desktop:25px;\"}'  style=\"\"><span class=\"ez-toc-section\" id=\"34_956_68_51_94\"><\/span>+34 956 68 51 94<span class=\"ez-toc-section-end\"><\/span><\/h3><\/div> <!-- header --><div class=\"aio-icon-heading-right\" ><div class=\"ult-just-icon-wrapper\"><div class=\"align-icon\" style=\"text-align:center;\">\n<div class=\"aio-icon none\"  style=\"color:#ef4239;font-size:40px;display:inline-block;\">\n\t<i class=\"Defaults-mobile mobile-phone\"><\/i>\n<\/div><\/div><\/div><\/div><\/div> <!-- aio-icon-box --><\/div> <!-- aio-icon-component -->\n\t<div  class=\"wpb_single_image wpb_content_element vc_align_left wpb_content_element wpb_animate_when_almost_visible wpb_fadeInRight fadeInRight\">\n\t\t\n\t\t<figure class=\"wpb_wrapper vc_figure\">\n\t\t\t<a class=\"vc_single_image-wrapper   vc_box_border_grey\" data-lightbox=\"lightbox[rel-8472-2869409941]\" href=\"https:\/\/marbellarentacar.es\/wp-content\/uploads\/2019\/11\/tarifa-1024x749.jpg\" target=\"_self\"><img decoding=\"async\" width=\"1024\" height=\"749\" src=\"https:\/\/marbellarentacar.es\/wp-content\/uploads\/2019\/11\/tarifa-1024x749.jpg\" class=\"vc_single_image-img attachment-large\" alt=\"Gastst\u00e4tte El Pozuelo\" title=\"Gastst\u00e4tte El Pozuelo\" srcset=\"https:\/\/marbellarentacar.es\/wp-content\/uploads\/2019\/11\/tarifa.jpg 1024w, https:\/\/marbellarentacar.es\/wp-content\/uploads\/2019\/11\/tarifa-300x219.jpg 300w, https:\/\/marbellarentacar.es\/wp-content\/uploads\/2019\/11\/tarifa-768x562.jpg 768w\" sizes=\"(max-width: 1024px) 100vw, 1024px\" \/><\/a>\n\t\t<\/figure>\n\t<\/div>\n<\/div><\/div><\/div><\/div><div class=\"vc_row wpb_row vc_row-fluid div-rutas\"><div class=\"wpb_column vc_column_container vc_col-sm-12\"><div class=\"vc_column-inner\"><div class=\"wpb_wrapper\"><div class=\"aio-icon-component  vc_custom_1541768890608  no_translate style_1\" data-no-auto-translation=\"\"><div id=\"Info-box-wrap-1313\" class=\"aio-icon-box default-icon\" style=\"\"  ><div class=\"aio-icon-default\"><div class=\"ult-just-icon-wrapper\"><div class=\"align-icon\" style=\"text-align:center;\">\n<div class=\"aio-icon none\"  style=\"color:#ef4239;font-size:35px;display:inline-block;\">\n\t<i class=\"Defaults-map-marker\"><\/i>\n<\/div><\/div><\/div><\/div><div class=\"aio-icon-header\" ><h3 class=\"aio-icon-title ult-responsive\"  data-ultimate-target='#Info-box-wrap-1313 .aio-icon-title'  data-responsive-json-new='{\"font-size\":\"desktop:30px;\",\"line-height\":\"desktop:25px;\"}'  style=\"\"><span class=\"ez-toc-section\" id=\"Tarifa\"><\/span>Tarifa<span class=\"ez-toc-section-end\"><\/span><\/h3><\/div> <!-- header --><\/div> <!-- aio-icon-box --><\/div> <!-- aio-icon-component -->\n\t<div class=\"wpb_text_column wpb_content_element\" >\n\t\t<div class=\"wpb_wrapper\">\n\t\t\t<p>Tarifa, das in C\u00e1diz liegt, gilt dank seiner fantastischen nat\u00fcrlichen Bedingungen als das Paradies f\u00fcr Windsurfer. Sie k\u00f6nnen auch andere Wassersportarten wie Surfen, Kitesurfen oder SUP (Stand Up Paddle) aus\u00fcben.<\/p>\n<p>Die Stadt verf\u00fcgt \u00fcber eine etwa 40 Kilometer lange K\u00fcste mit spektakul\u00e4ren Str\u00e4nden mit goldenem Sand und kristallklarem Wasser, wie Valdevaqueros, Playa Chica, Los Lances, Atlanterra oder Playas de Bolonia.<\/p>\n<p>Au\u00dferdem k\u00f6nnen Sie Aktivit\u00e4ten in der Natur nachgehen, wie Wandern, Klettern, Kartfahren oder Segeln an Land und Mountainbike-Touren.<\/p>\n<p>Bei Einbruch der Dunkelheit kann man in der Altstadt dank der Bars und Nachtclubs eine lebhafte Atmosph\u00e4re genie\u00dfen.<\/p>\n<p>Dar\u00fcber hinaus gibt es in Tarifa verschiedene pr\u00e4historische \u00dcberreste wie den arch\u00e4ologischen Komplex Necr\u00f3polis de los Algarbes aus der Kupferzeit und der Bronzezeit, ph\u00f6nizische \u00dcberreste und \u00dcberreste aus der R\u00f6merzeit wie die arch\u00e4ologische St\u00e4tte Baelo Claudia, die zum Nationalen Historischen Monument erkl\u00e4rt wurde.<\/p>\n\n\t\t<\/div>\n\t<\/div>\n\n\t<div class=\"wpb_text_column wpb_content_element\" >\n\t\t<div class=\"wpb_wrapper\">\n\t\t\t\n\t\t<\/div>\n\t<\/div>\n<\/div><\/div><\/div><\/div><div class=\"vc_row wpb_row vc_row-fluid div-rutas\"><div class=\"wpb_column vc_column_container vc_col-sm-12\"><div class=\"vc_column-inner\"><div class=\"wpb_wrapper\">\n\t<div class=\"wpb_text_column wpb_content_element\" >\n\t\t<div class=\"wpb_wrapper\">\n\t\t\t\n\t\t<\/div>\n\t<\/div>\n<\/div><\/div><\/div><\/div><div class=\"vc_row wpb_row vc_row-fluid div-rutas\"><div class=\"wpb_column vc_column_container vc_col-sm-12\"><div class=\"vc_column-inner\"><div class=\"wpb_wrapper\">\n\t<div class=\"wpb_text_column wpb_content_element\" >\n\t\t<div class=\"wpb_wrapper\">\n\t\t\t<div class=\"align_center\"><h2 class=\"vc_underline_title vc_title\"><span class=\"ez-toc-section\" id=\"Photos_Gallery\"><\/span>Fotos Galerie<span class=\"ez-toc-section-end\"><\/span><\/h2><div class=\"vc_underline primary_color_background\"><\/div><\/div><div class=\"vc_empty_space\"   style=\"height: 32px\"><span class=\"vc_empty_space_inner\"><\/span><\/div>\n\n\t\t<\/div>\n\t<\/div>\n<\/div><\/div><\/div><\/div><div class=\"vc_row wpb_row vc_row-fluid div-rutas\"><div class=\"wpb_column vc_column_container vc_col-sm-12\"><div class=\"vc_column-inner\"><div class=\"wpb_wrapper\">\n<div class=\"vc_grid-container-wrapper vc_clearfix vc_grid-animation-zoomIn\">\n\t<div class=\"vc_grid-container vc_clearfix wpb_content_element vc_masonry_media_grid\" data-initial-loading-animation=\"zoomIn\" data-vc-grid-settings=\"{&quot;page_id&quot;:8472,&quot;style&quot;:&quot;all-masonry&quot;,&quot;action&quot;:&quot;vc_get_vc_grid_data&quot;,&quot;shortcode_id&quot;:&quot;1686081060336-c77d7528-1a11-6&quot;,&quot;tag&quot;:&quot;vc_masonry_media_grid&quot;}\" data-vc-request=\"https:\/\/marbellarentacar.es\/wp-admin\/admin-ajax.php\" data-vc-post-id=\"8472\" data-vc-public-nonce=\"ab853ebbeb\">\n\t\t\n\t<\/div>\n<\/div><\/div><\/div><\/div><\/div><div class=\"vc_row wpb_row vc_row-fluid\"><div class=\"wpb_column vc_column_container vc_col-sm-12\"><div class=\"vc_column-inner\"><div class=\"wpb_wrapper\">\n\t<div class=\"wpb_text_column wpb_content_element\" >\n\t\t<div class=\"wpb_wrapper\">\n\t\t\t<div class=\"align_center\"><h2 class=\"vc_underline_title vc_title\"><span class=\"ez-toc-section\" id=\"Rent_a_car_from_La_Linea_de_la_Concepcion\"><\/span>Mieten Sie ein Auto von La L\u00ednea de la Concepci\u00f3n<span class=\"ez-toc-section-end\"><\/span><\/h2><div class=\"vc_underline primary_color_background\"><\/div><\/div><div class=\"vc_empty_space\"   style=\"height: 32px\"><span class=\"vc_empty_space_inner\"><\/span><\/div>\n\t<div class=\"wpb_text_column wpb_content_element\" >\n\t\t<div class=\"wpb_wrapper\">\n\t\t\t\n\t\t<\/div>\n\t<\/div>\n    <script type=\"text\/javascript\">\n        jQuery(document).ready(function () {\n            var unavailableDates = [];\n            var autofocus = 1;\n            var select2 = 1;\n            var pickupTime = jQuery('select.pickup-time');\n            var returnTime = jQuery('.return-time');\n\n            function unavailable(date) {\n                var ymd = date.getFullYear() + \"-\" + (\"0\" + (date.getMonth() + 1)).slice(-2) + \"-\" + (\"0\" + date.getDate()).slice(-2);\n                var day = new Date(ymd).getDay();\n                if (jQuery.inArray(ymd, unavailableDates) < 0) {\n                    return [true, \"enabled\", \"\"];\n                } else {\n                    return [false, \"disabled\", \"Geschlossen\"];\n                }\n            }\n\n            jQuery('.pickup-date').datepicker({\n                minDate: \"+0D\",\n                maxDate: \"+730D\",\n                beforeShowDay: unavailable,\n                numberOfMonths: 2,\n                dateFormat: 'dd\/mm\/yy',\n                firstDay: 1,\n                onSelect: function (selected) {\n                    var date = jQuery(this).datepicker('getDate');\n                    if (date) {\n                        date.setDate(date.getDate());\n                    }\n                    jQuery('.return-date').datepicker(\"option\", \"minDate\", date);\n                    if (autofocus) {\n                        select2 == 1 ? pickupTime.select2('open') : pickupTime.focus();\n                    }\n                }\n            });\n\n            jQuery('.return-date').datepicker({\n                minDate: 0,\n                maxDate: \"+730D\",\n                beforeShowDay: unavailable,\n                numberOfMonths: 2,\n                dateFormat: 'dd\/mm\/yy',\n                firstDay: 1,\n                onSelect: function (selected) {\n                    jQuery('.pickup-date').datepicker(\"option\", \"maxDate\", selected);\n                    if (autofocus) {\n                        select2 == 1 ? returnTime.select2('open') : returnTime.focus();\n                    }\n                }\n            });\n            jQuery('.pickup-date-datepicker').click(function () {\n                jQuery('.pickup-date').datepicker('show');\n            });\n            jQuery(\".return-date-datepicker\").click(function () {\n                jQuery('.return-date').datepicker('show');\n            });\n\n            jQuery('.car-rental-do-search').click(function () {\n                var objCouponCode = jQuery('.coupon-code');\n                var objPickupLocation = jQuery('.pickup-location');\n                var objReturnLocation = jQuery('.return-location');\n                var objPickupDate = jQuery('.pickup-date');\n                var objReturnDate = jQuery('.return-date');\n                var objBookingPeriod = jQuery('.booking-period');\n\n                var couponCode = \"SKIP\";\n                var pickupLocationId = \"SKIP\";\n                var returnLocationId = \"SKIP\";\n                var pickupDate = \"SKIP\";\n                var returnDate = \"SKIP\";\n                var bookingPeriod = \"SKIP\";\n\n\t\t\t\t\n\t\t\t\t                if (objPickupLocation.length) {\n                    pickupLocationId = objPickupLocation.val();\n                }\n\t\t\t\t\n\t\t\t\t                if (objReturnLocation.length) {\n                    returnLocationId = objReturnLocation.val();\n                }\n\t\t\t\t\n\t\t\t\t                if (objPickupDate.length) {\n                    pickupDate = objPickupDate.val();\n                }\n\t\t\t\t\n\t\t\t\t                if (objReturnDate.length) {\n                    returnDate = objReturnDate.val();\n                }\n\t\t\t\t\n\t\t\t\t                if (objBookingPeriod.length) {\n                    bookingPeriod = objBookingPeriod.val();\n                }\n\t\t\t\t                \/\/alert('pickupDate[len]:' + objPickupDate.length + ', pickupDate[val]:' + pickupDate);\n\n                if (couponCode == \"\" || couponCode == \"I have coupon code:\") {\n                    alert('Please enter coupon code!');\n                    return false;\n                } else if (pickupLocationId == \"\") {\n                    alert('Bitte w\u00e4hlen Sie einen Abholort!');\n                    return false;\n                } else if (returnLocationId == \"\") {\n                    alert('Bitte w\u00e4hlen Sie einen R\u00fcckgabeort!');\n                    return false;\n                } else if (pickupDate == \"\" || pickupDate == \"Datum:\") {\n                    alert('Bitte w\u00e4hlen Sie ein Abholdatum!');\n                    return false;\n                } else if (returnDate == \"\" || returnDate == \"Datum:\") {\n                    alert('Bitte w\u00e4hlen Sie ein R\u00fcckgabedatum!');\n                    return false;\n                } else if (bookingPeriod == \"\") {\n                    alert('Bitte w\u00e4hlen Sie einen Buchungszeitraum!');\n                    return false;\n                } else {\n                    return true;\n                }\n            });\n        });\n    <\/script> \n    <h4 class=\"item-form-single blanco\">La L\u00ednea de la Concepci\u00f3n - Barbate<\/h4>\n    <div id=\"item-form-single\" class=\"row search_form_row car-rental-single-location\">\n<!--  \/wp-content\/themes\/wp-car-rental\/Extensions\/CarRental\/Templates\/Front\/Booking\/template.Step1SingleLocationSearchForm.php -->\n<!-- formElem 108   -->\n<!-- <form id=\"formElem\" name=\"formElem\" action=\"\/proceso-de-reserva\/\" method=\"post\"> -->\n<form id=\"formElem\" name=\"formElem\" action=\"\/de\/booking-process\/\" method=\"post\" class=\"no_translate\" data-no-auto-translation=\"\" data-trp-original-action=\"\/booking-process\/\"><!-- CREADO DESDE: code-sourcecode-carhireindex.php - linea 167 form_lang -->            <div class=\"col-sm-12 col-md-10\">\n                <div class=\"row\">\n\t\t\t\t\t                        <div class=\"col-sm-6\">\n                            <div class=\"row\">\n                                <div class=\"col-xs-7 col-sm-8 date\">\n                                    <span class=\"form_title\">Abholdatum<\/span>\n                                    <input type=\"text\" name=\"pickup_date\" value=\"Datum:\"\n                                           class=\"pickup-date\"\n                                           readonly=\"readonly\" autocomplete=\"off\"\/>\n                                <\/div>\n                                <div class=\"col-xs-5 col-sm-4 time\">\n                                    <span class=\"form_title\">Uhrzeit<\/span>\n                                    <select name=\"pickup_time\" class=\"form-control pickup-time\">\n\t\t\t\t\t\t\t\t\t\t<option value=\"00:00:00\">00:00<\/option><option value=\"00:30:00\">00:30<\/option><option value=\"01:00:00\">01:00<\/option><option value=\"01:30:00\">01:30<\/option><option value=\"02:00:00\">02:00<\/option><option value=\"02:30:00\">02:30<\/option><option value=\"03:00:00\">03:00<\/option><option value=\"03:30:00\">03:30<\/option><option value=\"04:00:00\">04:00<\/option><option value=\"04:30:00\">04:30<\/option><option value=\"05:00:00\">05:00<\/option><option value=\"05:30:00\">05:30<\/option><option value=\"06:00:00\">06:00<\/option><option value=\"06:30:00\">06:30<\/option><option value=\"07:00:00\">07:00<\/option><option value=\"07:30:00\">07:30<\/option><option value=\"08:00:00\">08:00<\/option><option value=\"08:30:00\">08:30<\/option><option value=\"09:00:00\">09:00<\/option><option value=\"09:30:00\">09:30<\/option><option value=\"10:00:00\">10:00<\/option><option value=\"10:30:00\">10:30<\/option><option value=\"11:00:00\">11:00<\/option><option value=\"11:30:00\">11:30<\/option><option value=\"12:00:00\" selected=\"selected\">12:00<\/option><option value=\"12:30:00\">12:30<\/option><option value=\"13:00:00\">13:00<\/option><option value=\"13:30:00\">13:30<\/option><option value=\"14:00:00\">14:00<\/option><option value=\"14:30:00\">14:30<\/option><option value=\"15:00:00\">15:00<\/option><option value=\"15:30:00\">15:30<\/option><option value=\"16:00:00\">16:00<\/option><option value=\"16:30:00\">16:30<\/option><option value=\"17:00:00\">17:00<\/option><option value=\"17:30:00\">17:30<\/option><option value=\"18:00:00\">18:00<\/option><option value=\"18:30:00\">18:30<\/option><option value=\"19:00:00\">19:00<\/option><option value=\"19:30:00\">19:30<\/option><option value=\"20:00:00\">20:00<\/option><option value=\"20:30:00\">20:30<\/option><option value=\"21:00:00\">21:00<\/option><option value=\"21:30:00\">21:30<\/option><option value=\"22:00:00\">22:00<\/option><option value=\"22:30:00\">22:30<\/option><option value=\"23:00:00\">23:00<\/option><option value=\"23:30:00\">23:30<\/option>                                    <\/select>\n                                <\/div>\n                            <\/div>\n                        <\/div>\n\t\t\t\t\t\t\t\t\t\t                        <div class=\"col-sm-6\">\n                            <div class=\"row\">\n\t\t\t\t\t\t\t\t                                    <div class=\"col-xs-7 col-sm-8 date\">\n                                        <span class=\"form_title\">R\u00fcckgabedatum<\/span>\n                                        <input type=\"text\" name=\"return_date\" class=\"return-date\"\n                                               value=\"Datum:\"\n                                               readonly=\"readonly\" autocomplete=\"off\"\/>\n                                    <\/div>\n                                    <div class=\"col-xs-5 col-sm-4 time\">\n                                        <span class=\"form_title\">Uhrzeit<\/span>\n                                        <select name=\"return_time\" class=\"form-control return-time\">\n\t\t\t\t\t\t\t\t\t\t\t<option value=\"00:00:00\">00:00<\/option><option value=\"00:30:00\">00:30<\/option><option value=\"01:00:00\">01:00<\/option><option value=\"01:30:00\">01:30<\/option><option value=\"02:00:00\">02:00<\/option><option value=\"02:30:00\">02:30<\/option><option value=\"03:00:00\">03:00<\/option><option value=\"03:30:00\">03:30<\/option><option value=\"04:00:00\">04:00<\/option><option value=\"04:30:00\">04:30<\/option><option value=\"05:00:00\">05:00<\/option><option value=\"05:30:00\">05:30<\/option><option value=\"06:00:00\">06:00<\/option><option value=\"06:30:00\">06:30<\/option><option value=\"07:00:00\">07:00<\/option><option value=\"07:30:00\">07:30<\/option><option value=\"08:00:00\">08:00<\/option><option value=\"08:30:00\">08:30<\/option><option value=\"09:00:00\">09:00<\/option><option value=\"09:30:00\">09:30<\/option><option value=\"10:00:00\">10:00<\/option><option value=\"10:30:00\">10:30<\/option><option value=\"11:00:00\">11:00<\/option><option value=\"11:30:00\">11:30<\/option><option value=\"12:00:00\" selected=\"selected\">12:00<\/option><option value=\"12:30:00\">12:30<\/option><option value=\"13:00:00\">13:00<\/option><option value=\"13:30:00\">13:30<\/option><option value=\"14:00:00\">14:00<\/option><option value=\"14:30:00\">14:30<\/option><option value=\"15:00:00\">15:00<\/option><option value=\"15:30:00\">15:30<\/option><option value=\"16:00:00\">16:00<\/option><option value=\"16:30:00\">16:30<\/option><option value=\"17:00:00\">17:00<\/option><option value=\"17:30:00\">17:30<\/option><option value=\"18:00:00\">18:00<\/option><option value=\"18:30:00\">18:30<\/option><option value=\"19:00:00\">19:00<\/option><option value=\"19:30:00\">19:30<\/option><option value=\"20:00:00\">20:00<\/option><option value=\"20:30:00\">20:30<\/option><option value=\"21:00:00\">21:00<\/option><option value=\"21:30:00\">21:30<\/option><option value=\"22:00:00\">22:00<\/option><option value=\"22:30:00\">22:30<\/option><option value=\"23:00:00\">23:00<\/option><option value=\"23:30:00\">23:30<\/option>                                        <\/select>\n                                    <\/div>\n\t\t\t\t\t\t\t\t                            <\/div>\n                        <\/div>\n\t\t\t\t\t\t\t\t\t\t\t\t\t\t\t\t                                <\/div>\n            <\/div>\n            <div class=\"col-xs-12 col-md-2\">\n                <input type=\"hidden\" name=\"booking_code\" value=\"\"\/>\n                <input type=\"hidden\" name=\"pickup_location_id\" value=\"3\"\/>\n                <input type=\"hidden\" name=\"return_location_id\" value=\"3\"\/>\n                <input name=\"item_ids[]\" value=\"-1\" type=\"hidden\"\/>\n\t\t\t\t<input type=\"submit\" name=\"car_rental_do_search\" value=\"Fortsetzen\" class=\"car-rental-do-search\" \/>            <\/div>\n        <input type=\"hidden\" name=\"trp-form-language\" value=\"de\"\/><\/form>\n    <\/div>\n    <script type=\"text\/javascript\">\n        jQuery(document).ready(function () {\n            var timeSelect2 = '1';\n            var durationSelect2 = '1';\n            var priceCalculationType = '1';\n            var nrsAutoFocus = '1';\n            var returnLocation = '';\n            var returnDate = '1';\n            initilizeSelect2(timeSelect2, durationSelect2, priceCalculationType, nrsAutoFocus, returnLocation, returnDate);\n            SetSubmitButtonHeight();\n        });\n        jQuery(window).resize(function(){\n            SetSubmitButtonHeight();\n        });\n        function initilizeSelect2(timeS2, durationS2, priceType, autoFocus, returnLocation, returnDate) {\n            if (timeS2 == 1) {\n                jQuery(\"select[name='pickup_time']\").select2(\n                    {\n                        language: {\n                            \"noResults\": function () {\n                                return \"Invalid time format, or not available.\";\n                            }\n                        }\n                    }\n                ).on('select2:select', function () {\n                    if (autoFocus == 1) {\n                        if (returnLocation && locationsS2 == 1) {\n                            jQuery('.return-location').select2('open');\n                        } else if (returnDate == 1) {\n                            if (priceType == 2 && durationS2 == 1) {\n                                jQuery('.booking-period').select2('open');\n                            } else {\n                                jQuery('.return-date').focus();\n                            }\n                        }\n                    }\n                });\n                jQuery(\"select[name='return_time']\").select2(\n                    {\n                        language: {\n                            \"noResults\": function () {\n                                return \"Invalid time format, or not available.\";\n                            }\n                        }\n                    }\n                );\n            }\n            if (durationS2 == 1) {\n                jQuery(\"select[name='booking_period']\").select2();\n            }\n        }\n        function SetSubmitButtonHeight() {\n            jQuery('.car-rental-do-search').css('height','0').css('height', (jQuery('.search_form_row').height()-35) + 'px');\n        }\n    <\/script>\n<\/p>\n\n\t\t<\/div>\n\t<\/div>\n<\/div><\/div><\/div><\/div>\n<\/div>","protected":false},"excerpt":{"rendered":"Entlang dieser Route k\u00f6nnen Sie den typischen Charme des Landes von C\u00e1diz genie\u00dfen, begleitet von der Meeresbrise und dem unverwechselbaren Salzgeruch. Von La L\u00ednea de la Concepci\u00f3n bis Barbate finden Sie wunderbare Str\u00e4nde, Landschaften von gro\u00dfer Sch\u00f6nheit und symboltr\u00e4chtige Orte. Sie k\u00f6nnen sich auch an der Gastronomie erfreuen, die eine gro\u00dfe Vielfalt an Geschm\u00e4ckern bietet, die alle k\u00f6stlich sind!","protected":false},"author":1,"featured_media":11458,"comment_status":"closed","ping_status":"open","sticky":false,"template":"","format":"standard","meta":{"_joinchat":[],"footnotes":""},"categories":[13,3075],"tags":[],"class_list":{"0":"post-8472","1":"post","2":"type-post","3":"status-publish","4":"format-standard","5":"has-post-thumbnail","7":"category-route","8":"category-from-gibraltar"},"_links":{"self":[{"href":"https:\/\/marbellarentacar.es\/de\/wp-json\/wp\/v2\/posts\/8472","targetHints":{"allow":["GET"]}}],"collection":[{"href":"https:\/\/marbellarentacar.es\/de\/wp-json\/wp\/v2\/posts"}],"about":[{"href":"https:\/\/marbellarentacar.es\/de\/wp-json\/wp\/v2\/types\/post"}],"author":[{"embeddable":true,"href":"https:\/\/marbellarentacar.es\/de\/wp-json\/wp\/v2\/users\/1"}],"replies":[{"embeddable":true,"href":"https:\/\/marbellarentacar.es\/de\/wp-json\/wp\/v2\/comments?post=8472"}],"version-history":[{"count":0,"href":"https:\/\/marbellarentacar.es\/de\/wp-json\/wp\/v2\/posts\/8472\/revisions"}],"wp:featuredmedia":[{"embeddable":true,"href":"https:\/\/marbellarentacar.es\/de\/wp-json\/wp\/v2\/media\/11458"}],"wp:attachment":[{"href":"https:\/\/marbellarentacar.es\/de\/wp-json\/wp\/v2\/media?parent=8472"}],"wp:term":[{"taxonomy":"category","embeddable":true,"href":"https:\/\/marbellarentacar.es\/de\/wp-json\/wp\/v2\/categories?post=8472"},{"taxonomy":"post_tag","embeddable":true,"href":"https:\/\/marbellarentacar.es\/de\/wp-json\/wp\/v2\/tags?post=8472"}],"curies":[{"name":"wp","href":"https:\/\/api.w.org\/{rel}","templated":true}]}}